{"id":2977,"date":"2023-06-15T09:26:52","date_gmt":"2023-06-15T09:26:52","guid":{"rendered":"https:\/\/vrtici-maza.hr\/?p=2977"},"modified":"2023-06-15T09:45:21","modified_gmt":"2023-06-15T09:45:21","slug":"sretan-dan-drzavnosti","status":"publish","type":"post","link":"https:\/\/vrtici-maza.hr\/en\/sretan-dan-drzavnosti\/","title":{"rendered":"Sretan Dan dr\u017eavnosti!"},"content":{"rendered":"<div class=\"wpb-content-wrapper\"><p>[vc_row][vc_column][vc_column_text]Dragi roditelji!<\/p>\n<p>\ud83d\udd34\u26aa\ud83d\udd35 Ispred nas je, za neke, produ\u017eeni vikend pa smo mi zato ovaj tjedan radili punom parom i unaprijed obilje\u017eili poseban dan lijepe na\u0161e domovine,\u00a0 Republike Hrvatske \ud83c\udded\ud83c\uddf7\u2665\ufe0f Nau\u010dili smo ime glavnog grada, prou\u010davali teritorijalni oblik i iznosili na \u0161to nas podsje\u0107a pa su tu pr\u0161tale razne ideje poput bu\u0161ilice, krokodila, iskrivljeno slovo U, naopa\u010dki broj 7, zmaj&#8230;.<\/p>\n<p>Na kraju smo se slo\u017eili da nas, od svih asocijacija, najvi\u0161e podsje\u0107a na zmaja i da smo mi stanovnici na\u0161e Republike upravo takvi &#8211; sna\u017eni i mo\u0107ni poput zmaja. \ud83d\udcaa\ud83c\udffb Nau\u010dili smo glavne simbole dr\u017eave: zastava, grb i himna te kako se pona\u0161amo kada slu\u0161amo himnu.<\/p>\n<p>Osim usvajanja novih spoznaja, usavr\u0161avali smo i osnovna bioti\u010dka motori\u010dka znanja za savladavanje prostora, prepreka i manipulaciju objektima \u010dime smo ja\u010dali cijeli organizam, utjecali na na\u0161u snagu, brzinu, koordinaciju i fleksibilnost. Skoro pa smo spremni za ljetne Olimpijske igre \ud83d\ude09\ud83e\udd3c\u200d\u2642\ufe0f\ud83e\udd38\u200d\u2642\ufe0f\ud83e\udd45\ud83c\udfc5 Tjedan smo pozdravili plesom i zabavom na otvorenom. \ud83c\udf3c\ud83c\udf3a<\/p>\n<p>\u017delimo svima ugodan, sun\u010dan vikend i vidimo se u ponedjeljak \ud83d\udc4b\ud83d\udc96[\/vc_column_text][\/vc_column][\/vc_row][vc_row][vc_column][vc_empty_space height=&#8221;40px&#8221;]<style type=\"text\/css\" data-type=\"the7_shortcodes-inline-css\">.gallery-shortcode.gallery-masonry-shortcode-id-46cb1c245a46ea11452094fdd027bdfa figure,\n.gallery-shortcode.gallery-masonry-shortcode-id-46cb1c245a46ea11452094fdd027bdfa .rollover,\n.gallery-shortcode.gallery-masonry-shortcode-id-46cb1c245a46ea11452094fdd027bdfa img,\n.gallery-shortcode.gallery-masonry-shortcode-id-46cb1c245a46ea11452094fdd027bdfa .gallery-rollover {\n  border-radius: 0px;\n}\n.gallery-shortcode.gallery-masonry-shortcode-id-46cb1c245a46ea11452094fdd027bdfa.enable-bg-rollover .gallery-rollover {\n  background: -webkit-linear-gradient();\n  background: linear-gradient();\n}\n.gallery-shortcode.gallery-masonry-shortcode-id-46cb1c245a46ea11452094fdd027bdfa.enable-bg-rollover.hover-scale figure .rollover:after {\n  background: -webkit-linear-gradient();\n  background: linear-gradient();\n}\n.gallery-shortcode.gallery-masonry-shortcode-id-46cb1c245a46ea11452094fdd027bdfa .gallery-zoom-ico {\n  width: 44px;\n  height: 44px;\n  line-height: 44px;\n  border-radius: 100px;\n  margin: -22px 0 0 -22px;\n  border-width: 0px;\n  color: #ffffff;\n}\n.dt-icon-bg-on.gallery-shortcode.gallery-masonry-shortcode-id-46cb1c245a46ea11452094fdd027bdfa .gallery-zoom-ico {\n  background: rgba(255,255,255,0.3);\n  box-shadow: none;\n}\n.gallery-shortcode.gallery-masonry-shortcode-id-46cb1c245a46ea11452094fdd027bdfa .gallery-zoom-ico:before,\n.gallery-shortcode.gallery-masonry-shortcode-id-46cb1c245a46ea11452094fdd027bdfa .gallery-zoom-ico span {\n  font-size: 32px;\n  line-height: 44px;\n  color: #ffffff;\n}\n.gallery-shortcode.gallery-masonry-shortcode-id-46cb1c245a46ea11452094fdd027bdfa:not(.resize-by-browser-width) .dt-css-grid {\n  grid-row-gap: 6px;\n  grid-column-gap: 6px;\n  grid-template-columns: repeat(auto-fill,minmax(,1fr));\n}\n.gallery-shortcode.gallery-masonry-shortcode-id-46cb1c245a46ea11452094fdd027bdfa:not(.resize-by-browser-width) .dt-css-grid .double-width {\n  grid-column: span 2;\n}\n.cssgridlegacy.no-cssgrid .gallery-shortcode.gallery-masonry-shortcode-id-46cb1c245a46ea11452094fdd027bdfa:not(.resize-by-browser-width) .dt-css-grid,\n.no-cssgridlegacy.no-cssgrid .gallery-shortcode.gallery-masonry-shortcode-id-46cb1c245a46ea11452094fdd027bdfa:not(.resize-by-browser-width) .dt-css-grid {\n  display: flex;\n  flex-flow: row wrap;\n  margin: -3px;\n}\n.cssgridlegacy.no-cssgrid .gallery-shortcode.gallery-masonry-shortcode-id-46cb1c245a46ea11452094fdd027bdfa:not(.resize-by-browser-width) .dt-css-grid .wf-cell,\n.no-cssgridlegacy.no-cssgrid .gallery-shortcode.gallery-masonry-shortcode-id-46cb1c245a46ea11452094fdd027bdfa:not(.resize-by-browser-width) .dt-css-grid .wf-cell {\n  flex: 1 0 ;\n  max-width: 100%;\n  padding: 3px;\n  box-sizing: border-box;\n}\n.gallery-shortcode.gallery-masonry-shortcode-id-46cb1c245a46ea11452094fdd027bdfa.resize-by-browser-width .dt-css-grid {\n  grid-template-columns: repeat(4,1fr);\n  grid-template-rows: auto;\n  grid-column-gap: 6px;\n  grid-row-gap: 6px;\n}\n.gallery-shortcode.gallery-masonry-shortcode-id-46cb1c245a46ea11452094fdd027bdfa.resize-by-browser-width .dt-css-grid .double-width {\n  grid-column: span 2;\n}\n.cssgridlegacy.no-cssgrid .gallery-shortcode.gallery-masonry-shortcode-id-46cb1c245a46ea11452094fdd027bdfa.resize-by-browser-width .dt-css-grid {\n  margin: -3px;\n}\n.cssgridlegacy.no-cssgrid .gallery-shortcode.gallery-masonry-shortcode-id-46cb1c245a46ea11452094fdd027bdfa.resize-by-browser-width .dt-css-grid .wf-cell {\n  width: 25%;\n  padding: 3px;\n}\n.cssgridlegacy.no-cssgrid .gallery-shortcode.gallery-masonry-shortcode-id-46cb1c245a46ea11452094fdd027bdfa.resize-by-browser-width .dt-css-grid .wf-cell.double-width {\n  width: calc(25%) * 2;\n}\n.gallery-shortcode.gallery-masonry-shortcode-id-46cb1c245a46ea11452094fdd027bdfa.resize-by-browser-width:not(.centered-layout-list):not(.content-bg-on) .dt-css-grid {\n  grid-row-gap: 6px - ;\n}\n@media screen and (max-width: 1199px) {\n  .gallery-shortcode.gallery-masonry-shortcode-id-46cb1c245a46ea11452094fdd027bdfa.resize-by-browser-width .dt-css-grid {\n    grid-template-columns: repeat(4,1fr);\n  }\n  .cssgridlegacy.no-cssgrid .gallery-shortcode.gallery-masonry-shortcode-id-46cb1c245a46ea11452094fdd027bdfa.resize-by-browser-width .dt-css-grid .wf-cell,\n  .no-cssgridlegacy.no-cssgrid .gallery-shortcode.gallery-masonry-shortcode-id-46cb1c245a46ea11452094fdd027bdfa.resize-by-browser-width .dt-css-grid .wf-cell {\n    width: 25%;\n  }\n  .cssgridlegacy.no-cssgrid .gallery-shortcode.gallery-masonry-shortcode-id-46cb1c245a46ea11452094fdd027bdfa.resize-by-browser-width .dt-css-grid .wf-cell.double-width,\n  .no-cssgridlegacy.no-cssgrid .gallery-shortcode.gallery-masonry-shortcode-id-46cb1c245a46ea11452094fdd027bdfa.resize-by-browser-width .dt-css-grid .wf-cell.double-width {\n    width: calc(25%)*2;\n  }\n}\n@media screen and (max-width: 991px) {\n  .gallery-shortcode.gallery-masonry-shortcode-id-46cb1c245a46ea11452094fdd027bdfa.resize-by-browser-width .dt-css-grid {\n    grid-template-columns: repeat(3,1fr);\n  }\n  .cssgridlegacy.no-cssgrid .gallery-shortcode.gallery-masonry-shortcode-id-46cb1c245a46ea11452094fdd027bdfa.resize-by-browser-width .dt-css-grid .wf-cell,\n  .no-cssgridlegacy.no-cssgrid .gallery-shortcode.gallery-masonry-shortcode-id-46cb1c245a46ea11452094fdd027bdfa.resize-by-browser-width .dt-css-grid .wf-cell {\n    width: 33.333333333333%;\n  }\n  .cssgridlegacy.no-cssgrid .gallery-shortcode.gallery-masonry-shortcode-id-46cb1c245a46ea11452094fdd027bdfa.resize-by-browser-width .dt-css-grid .wf-cell.double-width,\n  .no-cssgridlegacy.no-cssgrid .gallery-shortcode.gallery-masonry-shortcode-id-46cb1c245a46ea11452094fdd027bdfa.resize-by-browser-width .dt-css-grid .wf-cell.double-width {\n    width: calc(33.333333333333%)*2;\n  }\n}\n@media screen and (max-width: 767px) {\n  .gallery-shortcode.gallery-masonry-shortcode-id-46cb1c245a46ea11452094fdd027bdfa.resize-by-browser-width .dt-css-grid {\n    grid-template-columns: repeat(2,1fr);\n  }\n  .cssgridlegacy.no-cssgrid .gallery-shortcode.gallery-masonry-shortcode-id-46cb1c245a46ea11452094fdd027bdfa.resize-by-browser-width .dt-css-grid .wf-cell,\n  .no-cssgridlegacy.no-cssgrid .gallery-shortcode.gallery-masonry-shortcode-id-46cb1c245a46ea11452094fdd027bdfa.resize-by-browser-width .dt-css-grid .wf-cell {\n    width: 50%;\n  }\n  .cssgridlegacy.no-cssgrid .gallery-shortcode.gallery-masonry-shortcode-id-46cb1c245a46ea11452094fdd027bdfa.resize-by-browser-width .dt-css-grid .wf-cell.double-width,\n  .no-cssgridlegacy.no-cssgrid .gallery-shortcode.gallery-masonry-shortcode-id-46cb1c245a46ea11452094fdd027bdfa.resize-by-browser-width .dt-css-grid .wf-cell.double-width {\n    width: calc(50%)*2;\n  }\n}\n<\/style><div class=\"gallery-shortcode dt-gallery-container gallery-masonry-shortcode-id-46cb1c245a46ea11452094fdd027bdfa mode-masonry jquery-filter dt-icon-bg-off quick-scale-img enable-bg-rollover resize-by-browser-width  hover-fade loading-effect-none description-on-hover\" data-padding=\"3px\" data-cur-page=\"1\" data-post-limit=\"-1\" data-pagination-mode=\"none\" data-desktop-columns-num=\"4\" data-v-tablet-columns-num=\"3\" data-h-tablet-columns-num=\"4\" data-phone-columns-num=\"2\" data-width=\"0px\" data-columns=\"0\"><div class=\"iso-container\" ><div class=\"wf-cell iso-item\" data-post-id=\"2981\" data-date=\"2023-06-15T09:24:45+00:00\" data-name=\"Dan drzavnosti u vrticu Maza - 4\"><figure class=\"post visible\"><a href=\"https:\/\/vrtici-maza.hr\/wp-content\/uploads\/2023\/06\/Dan-drzavnosti-u-vrticu-Maza-4.jpg\" class=\"rollover dt-pswp-item layzr-bg\" data-large_image_width=\"1600\" data-large_image_height=\"1600\" data-dt-img-description=\"\" title=\"Dan drzavnosti u vrticu Maza &#8211; 4\"><img fetchpriority=\"high\" decoding=\"async\" class=\"preload-me iso-lazy-load aspect\" src=\"data:image\/svg+xml,%3Csvg%20xmlns%3D&#39;http%3A%2F%2Fwww.w3.org%2F2000%2Fsvg&#39;%20viewBox%3D&#39;0%200%20381%20381&#39;%2F%3E\" data-src=\"https:\/\/vrtici-maza.hr\/wp-content\/uploads\/2023\/06\/Dan-drzavnosti-u-vrticu-Maza-4-381x381.jpg\" data-srcset=\"https:\/\/vrtici-maza.hr\/wp-content\/uploads\/2023\/06\/Dan-drzavnosti-u-vrticu-Maza-4-381x381.jpg 381w, https:\/\/vrtici-maza.hr\/wp-content\/uploads\/2023\/06\/Dan-drzavnosti-u-vrticu-Maza-4-572x572.jpg 572w\" loading=\"eager\" style=\"--ratio: 381 \/ 381\" sizes=\"(max-width: 381px) 100vw, 381px\" alt=\"\" width=\"381\" height=\"381\"  \/><span class=\"gallery-rollover\"><span class=\"gallery-zoom-ico icomoon-the7-font-the7-zoom-06\"><span><\/span><\/span><\/span><\/a><\/figure><\/div><div class=\"wf-cell iso-item\" data-post-id=\"2984\" data-date=\"2023-06-15T09:24:54+00:00\" data-name=\"Dan drzavnosti u vrticu Maza - 7\"><figure class=\"post visible\"><a href=\"https:\/\/vrtici-maza.hr\/wp-content\/uploads\/2023\/06\/Dan-drzavnosti-u-vrticu-Maza-7.jpg\" class=\"rollover dt-pswp-item layzr-bg\" data-large_image_width=\"1600\" data-large_image_height=\"1600\" data-dt-img-description=\"\" title=\"Dan drzavnosti u vrticu Maza &#8211; 7\"><img decoding=\"async\" class=\"preload-me iso-lazy-load aspect\" src=\"data:image\/svg+xml,%3Csvg%20xmlns%3D&#39;http%3A%2F%2Fwww.w3.org%2F2000%2Fsvg&#39;%20viewBox%3D&#39;0%200%20381%20381&#39;%2F%3E\" data-src=\"https:\/\/vrtici-maza.hr\/wp-content\/uploads\/2023\/06\/Dan-drzavnosti-u-vrticu-Maza-7-381x381.jpg\" data-srcset=\"https:\/\/vrtici-maza.hr\/wp-content\/uploads\/2023\/06\/Dan-drzavnosti-u-vrticu-Maza-7-381x381.jpg 381w, https:\/\/vrtici-maza.hr\/wp-content\/uploads\/2023\/06\/Dan-drzavnosti-u-vrticu-Maza-7-572x572.jpg 572w\" loading=\"eager\" style=\"--ratio: 381 \/ 381\" sizes=\"(max-width: 381px) 100vw, 381px\" alt=\"\" width=\"381\" height=\"381\"  \/><span class=\"gallery-rollover\"><span class=\"gallery-zoom-ico icomoon-the7-font-the7-zoom-06\"><span><\/span><\/span><\/span><\/a><\/figure><\/div><div class=\"wf-cell iso-item\" data-post-id=\"2978\" data-date=\"2023-06-15T09:24:35+00:00\" data-name=\"Dan drzavnosti u vrticu Maza - 1\"><figure class=\"post visible\"><a href=\"https:\/\/vrtici-maza.hr\/wp-content\/uploads\/2023\/06\/Dan-drzavnosti-u-vrticu-Maza-1.jpg\" class=\"rollover dt-pswp-item layzr-bg\" data-large_image_width=\"1600\" data-large_image_height=\"1600\" data-dt-img-description=\"\" title=\"Dan drzavnosti u vrticu Maza &#8211; 1\"><img decoding=\"async\" class=\"preload-me iso-lazy-load aspect\" src=\"data:image\/svg+xml,%3Csvg%20xmlns%3D&#39;http%3A%2F%2Fwww.w3.org%2F2000%2Fsvg&#39;%20viewBox%3D&#39;0%200%20381%20381&#39;%2F%3E\" data-src=\"https:\/\/vrtici-maza.hr\/wp-content\/uploads\/2023\/06\/Dan-drzavnosti-u-vrticu-Maza-1-381x381.jpg\" data-srcset=\"https:\/\/vrtici-maza.hr\/wp-content\/uploads\/2023\/06\/Dan-drzavnosti-u-vrticu-Maza-1-381x381.jpg 381w, https:\/\/vrtici-maza.hr\/wp-content\/uploads\/2023\/06\/Dan-drzavnosti-u-vrticu-Maza-1-572x572.jpg 572w\" loading=\"eager\" style=\"--ratio: 381 \/ 381\" sizes=\"(max-width: 381px) 100vw, 381px\" alt=\"\" width=\"381\" height=\"381\"  \/><span class=\"gallery-rollover\"><span class=\"gallery-zoom-ico icomoon-the7-font-the7-zoom-06\"><span><\/span><\/span><\/span><\/a><\/figure><\/div><div class=\"wf-cell iso-item\" data-post-id=\"2979\" data-date=\"2023-06-15T09:24:39+00:00\" data-name=\"Dan drzavnosti u vrticu Maza - 2\"><figure class=\"post visible\"><a href=\"https:\/\/vrtici-maza.hr\/wp-content\/uploads\/2023\/06\/Dan-drzavnosti-u-vrticu-Maza-2.jpg\" class=\"rollover dt-pswp-item layzr-bg\" data-large_image_width=\"1600\" data-large_image_height=\"1600\" data-dt-img-description=\"\" title=\"Dan drzavnosti u vrticu Maza &#8211; 2\"><img decoding=\"async\" class=\"preload-me iso-lazy-load aspect\" src=\"data:image\/svg+xml,%3Csvg%20xmlns%3D&#39;http%3A%2F%2Fwww.w3.org%2F2000%2Fsvg&#39;%20viewBox%3D&#39;0%200%20381%20381&#39;%2F%3E\" data-src=\"https:\/\/vrtici-maza.hr\/wp-content\/uploads\/2023\/06\/Dan-drzavnosti-u-vrticu-Maza-2-381x381.jpg\" data-srcset=\"https:\/\/vrtici-maza.hr\/wp-content\/uploads\/2023\/06\/Dan-drzavnosti-u-vrticu-Maza-2-381x381.jpg 381w, https:\/\/vrtici-maza.hr\/wp-content\/uploads\/2023\/06\/Dan-drzavnosti-u-vrticu-Maza-2-572x572.jpg 572w\" loading=\"eager\" style=\"--ratio: 381 \/ 381\" sizes=\"(max-width: 381px) 100vw, 381px\" alt=\"\" width=\"381\" height=\"381\"  \/><span class=\"gallery-rollover\"><span class=\"gallery-zoom-ico icomoon-the7-font-the7-zoom-06\"><span><\/span><\/span><\/span><\/a><\/figure><\/div><div class=\"wf-cell iso-item\" data-post-id=\"2980\" data-date=\"2023-06-15T09:24:42+00:00\" data-name=\"Dan drzavnosti u vrticu Maza - 3\"><figure class=\"post visible\"><a href=\"https:\/\/vrtici-maza.hr\/wp-content\/uploads\/2023\/06\/Dan-drzavnosti-u-vrticu-Maza-3.jpg\" class=\"rollover dt-pswp-item layzr-bg\" data-large_image_width=\"1200\" data-large_image_height=\"1600\" data-dt-img-description=\"\" title=\"Dan drzavnosti u vrticu Maza &#8211; 3\"><img decoding=\"async\" class=\"preload-me iso-lazy-load aspect\" src=\"data:image\/svg+xml,%3Csvg%20xmlns%3D&#39;http%3A%2F%2Fwww.w3.org%2F2000%2Fsvg&#39;%20viewBox%3D&#39;0%200%20381%20508&#39;%2F%3E\" data-src=\"https:\/\/vrtici-maza.hr\/wp-content\/uploads\/2023\/06\/Dan-drzavnosti-u-vrticu-Maza-3-381x508.jpg\" data-srcset=\"https:\/\/vrtici-maza.hr\/wp-content\/uploads\/2023\/06\/Dan-drzavnosti-u-vrticu-Maza-3-381x508.jpg 381w, https:\/\/vrtici-maza.hr\/wp-content\/uploads\/2023\/06\/Dan-drzavnosti-u-vrticu-Maza-3-572x762.jpg 572w\" loading=\"eager\" style=\"--ratio: 381 \/ 508\" sizes=\"(max-width: 381px) 100vw, 381px\" alt=\"\" width=\"381\" height=\"508\"  \/><span class=\"gallery-rollover\"><span class=\"gallery-zoom-ico icomoon-the7-font-the7-zoom-06\"><span><\/span><\/span><\/span><\/a><\/figure><\/div><div class=\"wf-cell iso-item\" data-post-id=\"2985\" data-date=\"2023-06-15T09:24:57+00:00\" data-name=\"Dan drzavnosti u vrticu Maza - 8\"><figure class=\"post visible\"><a href=\"https:\/\/vrtici-maza.hr\/wp-content\/uploads\/2023\/06\/Dan-drzavnosti-u-vrticu-Maza-8.jpg\" class=\"rollover dt-pswp-item layzr-bg\" data-large_image_width=\"1200\" data-large_image_height=\"1600\" data-dt-img-description=\"\" title=\"Dan drzavnosti u vrticu Maza &#8211; 8\"><img decoding=\"async\" class=\"preload-me iso-lazy-load aspect\" src=\"data:image\/svg+xml,%3Csvg%20xmlns%3D&#39;http%3A%2F%2Fwww.w3.org%2F2000%2Fsvg&#39;%20viewBox%3D&#39;0%200%20381%20508&#39;%2F%3E\" data-src=\"https:\/\/vrtici-maza.hr\/wp-content\/uploads\/2023\/06\/Dan-drzavnosti-u-vrticu-Maza-8-381x508.jpg\" data-srcset=\"https:\/\/vrtici-maza.hr\/wp-content\/uploads\/2023\/06\/Dan-drzavnosti-u-vrticu-Maza-8-381x508.jpg 381w, https:\/\/vrtici-maza.hr\/wp-content\/uploads\/2023\/06\/Dan-drzavnosti-u-vrticu-Maza-8-572x762.jpg 572w\" loading=\"eager\" style=\"--ratio: 381 \/ 508\" sizes=\"(max-width: 381px) 100vw, 381px\" alt=\"\" width=\"381\" height=\"508\"  \/><span class=\"gallery-rollover\"><span class=\"gallery-zoom-ico icomoon-the7-font-the7-zoom-06\"><span><\/span><\/span><\/span><\/a><\/figure><\/div><div class=\"wf-cell iso-item\" data-post-id=\"2982\" data-date=\"2023-06-15T09:24:48+00:00\" data-name=\"Dan drzavnosti u vrticu Maza - 5\"><figure class=\"post visible\"><a href=\"https:\/\/vrtici-maza.hr\/wp-content\/uploads\/2023\/06\/Dan-drzavnosti-u-vrticu-Maza-5.jpg\" class=\"rollover dt-pswp-item layzr-bg\" data-large_image_width=\"1200\" data-large_image_height=\"1600\" data-dt-img-description=\"\" title=\"Dan drzavnosti u vrticu Maza &#8211; 5\"><img decoding=\"async\" class=\"preload-me iso-lazy-load aspect\" src=\"data:image\/svg+xml,%3Csvg%20xmlns%3D&#39;http%3A%2F%2Fwww.w3.org%2F2000%2Fsvg&#39;%20viewBox%3D&#39;0%200%20381%20508&#39;%2F%3E\" data-src=\"https:\/\/vrtici-maza.hr\/wp-content\/uploads\/2023\/06\/Dan-drzavnosti-u-vrticu-Maza-5-381x508.jpg\" data-srcset=\"https:\/\/vrtici-maza.hr\/wp-content\/uploads\/2023\/06\/Dan-drzavnosti-u-vrticu-Maza-5-381x508.jpg 381w, https:\/\/vrtici-maza.hr\/wp-content\/uploads\/2023\/06\/Dan-drzavnosti-u-vrticu-Maza-5-572x762.jpg 572w\" loading=\"eager\" style=\"--ratio: 381 \/ 508\" sizes=\"(max-width: 381px) 100vw, 381px\" alt=\"\" width=\"381\" height=\"508\"  \/><span class=\"gallery-rollover\"><span class=\"gallery-zoom-ico icomoon-the7-font-the7-zoom-06\"><span><\/span><\/span><\/span><\/a><\/figure><\/div><div class=\"wf-cell iso-item\" data-post-id=\"2983\" data-date=\"2023-06-15T09:24:51+00:00\" data-name=\"Dan drzavnosti u vrticu Maza - 6\"><figure class=\"post visible\"><a href=\"https:\/\/vrtici-maza.hr\/wp-content\/uploads\/2023\/06\/Dan-drzavnosti-u-vrticu-Maza-6.jpg\" class=\"rollover dt-pswp-item layzr-bg\" data-large_image_width=\"1200\" data-large_image_height=\"1600\" data-dt-img-description=\"\" title=\"Dan drzavnosti u vrticu Maza &#8211; 6\"><img decoding=\"async\" class=\"preload-me iso-lazy-load aspect\" src=\"data:image\/svg+xml,%3Csvg%20xmlns%3D&#39;http%3A%2F%2Fwww.w3.org%2F2000%2Fsvg&#39;%20viewBox%3D&#39;0%200%20381%20508&#39;%2F%3E\" data-src=\"https:\/\/vrtici-maza.hr\/wp-content\/uploads\/2023\/06\/Dan-drzavnosti-u-vrticu-Maza-6-381x508.jpg\" data-srcset=\"https:\/\/vrtici-maza.hr\/wp-content\/uploads\/2023\/06\/Dan-drzavnosti-u-vrticu-Maza-6-381x508.jpg 381w, https:\/\/vrtici-maza.hr\/wp-content\/uploads\/2023\/06\/Dan-drzavnosti-u-vrticu-Maza-6-572x762.jpg 572w\" loading=\"eager\" style=\"--ratio: 381 \/ 508\" sizes=\"(max-width: 381px) 100vw, 381px\" alt=\"\" width=\"381\" height=\"508\"  \/><span class=\"gallery-rollover\"><span class=\"gallery-zoom-ico icomoon-the7-font-the7-zoom-06\"><span><\/span><\/span><\/span><\/a><\/figure><\/div><\/div><!-- iso-container|iso-grid --><\/div>[\/vc_column][\/vc_row]<\/p>\n<\/div>","protected":false},"excerpt":{"rendered":"<p>U posjet paunovima krenuli smo uzbu\u0111eni i radosni, ali ne bi to bilo to da nismo imali zadatak: prou\u010davanje boja prirode koja nas okru\u017euje kako bismo kasnije bili uspje\u0161ni u rje\u0161avanju zadataka u pred\u0161koli.<\/p>\n","protected":false},"author":1,"featured_media":2981,"comment_status":"closed","ping_status":"closed","sticky":false,"template":"","format":"standard","meta":{"footnotes":""},"categories":[12],"tags":[],"class_list":["post-2977","post","type-post","status-publish","format-standard","has-post-thumbnail","hentry","category-blog","category-12","description-off"],"yoast_head":"<!-- This site is optimized with the Yoast SEO plugin v25.6 - https:\/\/yoast.com\/wordpress\/plugins\/seo\/ -->\n<title>Sretan Dan dr\u017eavnosti! - Dje\u010dji vrti\u0107 Maza<\/title>\n<meta name=\"description\" content=\"Ispred nas je produ\u017eeni vikend pa smo ovaj tjedan radili punom parom i unaprijed obilje\u017eili poseban dan na\u0161e domovine, Republike Hrvatske.\" \/>\n<meta name=\"robots\" content=\"index, follow, max-snippet:-1, max-image-preview:large, max-video-preview:-1\" \/>\n<link rel=\"canonical\" href=\"https:\/\/vrtici-maza.hr\/sretan-dan-drzavnosti\/\" \/>\n<meta property=\"og:locale\" content=\"en_US\" \/>\n<meta property=\"og:type\" content=\"article\" \/>\n<meta property=\"og:title\" content=\"Sretan Dan dr\u017eavnosti! - Dje\u010dji vrti\u0107 Maza\" \/>\n<meta property=\"og:description\" content=\"Ispred nas je produ\u017eeni vikend pa smo ovaj tjedan radili punom parom i unaprijed obilje\u017eili poseban dan na\u0161e domovine, Republike Hrvatske.\" \/>\n<meta property=\"og:url\" content=\"https:\/\/vrtici-maza.hr\/sretan-dan-drzavnosti\/\" \/>\n<meta property=\"og:site_name\" content=\"Dje\u010dji vrti\u0107 Maza\" \/>\n<meta property=\"article:published_time\" content=\"2023-06-15T09:26:52+00:00\" \/>\n<meta property=\"article:modified_time\" content=\"2023-06-15T09:45:21+00:00\" \/>\n<meta property=\"og:image\" content=\"https:\/\/vrtici-maza.hr\/wp-content\/uploads\/2023\/06\/Dan-drzavnosti-u-vrticu-Maza-4.jpg\" \/>\n\t<meta property=\"og:image:width\" content=\"1600\" \/>\n\t<meta property=\"og:image:height\" content=\"1600\" \/>\n\t<meta property=\"og:image:type\" content=\"image\/jpeg\" \/>\n<meta name=\"author\" content=\"Maza@IgnisDesign2021\" \/>\n<meta name=\"twitter:card\" content=\"summary_large_image\" \/>\n<meta name=\"twitter:label1\" content=\"Written by\" \/>\n\t<meta name=\"twitter:data1\" content=\"Maza@IgnisDesign2021\" \/>\n\t<meta name=\"twitter:label2\" content=\"Est. reading time\" \/>\n\t<meta name=\"twitter:data2\" content=\"1 minute\" \/>\n<script type=\"application\/ld+json\" class=\"yoast-schema-graph\">{\"@context\":\"https:\/\/schema.org\",\"@graph\":[{\"@type\":\"WebPage\",\"@id\":\"https:\/\/vrtici-maza.hr\/sretan-dan-drzavnosti\/\",\"url\":\"https:\/\/vrtici-maza.hr\/sretan-dan-drzavnosti\/\",\"name\":\"Sretan Dan dr\u017eavnosti! - Dje\u010dji vrti\u0107 Maza\",\"isPartOf\":{\"@id\":\"https:\/\/vrtici-maza.hr\/en\/#website\"},\"primaryImageOfPage\":{\"@id\":\"https:\/\/vrtici-maza.hr\/sretan-dan-drzavnosti\/#primaryimage\"},\"image\":{\"@id\":\"https:\/\/vrtici-maza.hr\/sretan-dan-drzavnosti\/#primaryimage\"},\"thumbnailUrl\":\"https:\/\/vrtici-maza.hr\/wp-content\/uploads\/2023\/06\/Dan-drzavnosti-u-vrticu-Maza-4.jpg\",\"datePublished\":\"2023-06-15T09:26:52+00:00\",\"dateModified\":\"2023-06-15T09:45:21+00:00\",\"author\":{\"@id\":\"https:\/\/vrtici-maza.hr\/en\/#\/schema\/person\/51247fcc7468f96f004b10b5150d7b88\"},\"description\":\"Ispred nas je produ\u017eeni vikend pa smo ovaj tjedan radili punom parom i unaprijed obilje\u017eili poseban dan na\u0161e domovine, Republike Hrvatske.\",\"breadcrumb\":{\"@id\":\"https:\/\/vrtici-maza.hr\/sretan-dan-drzavnosti\/#breadcrumb\"},\"inLanguage\":\"en-US\",\"potentialAction\":[{\"@type\":\"ReadAction\",\"target\":[\"https:\/\/vrtici-maza.hr\/sretan-dan-drzavnosti\/\"]}]},{\"@type\":\"ImageObject\",\"inLanguage\":\"en-US\",\"@id\":\"https:\/\/vrtici-maza.hr\/sretan-dan-drzavnosti\/#primaryimage\",\"url\":\"https:\/\/vrtici-maza.hr\/wp-content\/uploads\/2023\/06\/Dan-drzavnosti-u-vrticu-Maza-4.jpg\",\"contentUrl\":\"https:\/\/vrtici-maza.hr\/wp-content\/uploads\/2023\/06\/Dan-drzavnosti-u-vrticu-Maza-4.jpg\",\"width\":1600,\"height\":1600},{\"@type\":\"BreadcrumbList\",\"@id\":\"https:\/\/vrtici-maza.hr\/sretan-dan-drzavnosti\/#breadcrumb\",\"itemListElement\":[{\"@type\":\"ListItem\",\"position\":1,\"name\":\"Home\",\"item\":\"https:\/\/vrtici-maza.hr\/\"},{\"@type\":\"ListItem\",\"position\":2,\"name\":\"Sretan Dan dr\u017eavnosti!\"}]},{\"@type\":\"WebSite\",\"@id\":\"https:\/\/vrtici-maza.hr\/en\/#website\",\"url\":\"https:\/\/vrtici-maza.hr\/en\/\",\"name\":\"Dje\u010dji vrti\u0107 Maza\",\"description\":\"Vi\u0161kovo\",\"potentialAction\":[{\"@type\":\"SearchAction\",\"target\":{\"@type\":\"EntryPoint\",\"urlTemplate\":\"https:\/\/vrtici-maza.hr\/en\/?s={search_term_string}\"},\"query-input\":{\"@type\":\"PropertyValueSpecification\",\"valueRequired\":true,\"valueName\":\"search_term_string\"}}],\"inLanguage\":\"en-US\"},{\"@type\":\"Person\",\"@id\":\"https:\/\/vrtici-maza.hr\/en\/#\/schema\/person\/51247fcc7468f96f004b10b5150d7b88\",\"name\":\"Maza@IgnisDesign2021\",\"image\":{\"@type\":\"ImageObject\",\"inLanguage\":\"en-US\",\"@id\":\"https:\/\/vrtici-maza.hr\/en\/#\/schema\/person\/image\/\",\"url\":\"https:\/\/secure.gravatar.com\/avatar\/20948024d3e16290671dd68231ffdd4cb6867322df510e7ee0a6fcdb9aed7b35?s=96&d=mm&r=g\",\"contentUrl\":\"https:\/\/secure.gravatar.com\/avatar\/20948024d3e16290671dd68231ffdd4cb6867322df510e7ee0a6fcdb9aed7b35?s=96&d=mm&r=g\",\"caption\":\"Maza@IgnisDesign2021\"},\"sameAs\":[\"http:\/\/vrtici-maza.hr\"],\"url\":\"https:\/\/vrtici-maza.hr\/en\/author\/mazaignisdesign2021\/\"}]}<\/script>\n<!-- \/ Yoast SEO plugin. -->","yoast_head_json":{"title":"Sretan Dan dr\u017eavnosti! - Dje\u010dji vrti\u0107 Maza","description":"Ispred nas je produ\u017eeni vikend pa smo ovaj tjedan radili punom parom i unaprijed obilje\u017eili poseban dan na\u0161e domovine, Republike Hrvatske.","robots":{"index":"index","follow":"follow","max-snippet":"max-snippet:-1","max-image-preview":"max-image-preview:large","max-video-preview":"max-video-preview:-1"},"canonical":"https:\/\/vrtici-maza.hr\/sretan-dan-drzavnosti\/","og_locale":"en_US","og_type":"article","og_title":"Sretan Dan dr\u017eavnosti! - Dje\u010dji vrti\u0107 Maza","og_description":"Ispred nas je produ\u017eeni vikend pa smo ovaj tjedan radili punom parom i unaprijed obilje\u017eili poseban dan na\u0161e domovine, Republike Hrvatske.","og_url":"https:\/\/vrtici-maza.hr\/sretan-dan-drzavnosti\/","og_site_name":"Dje\u010dji vrti\u0107 Maza","article_published_time":"2023-06-15T09:26:52+00:00","article_modified_time":"2023-06-15T09:45:21+00:00","og_image":[{"width":1600,"height":1600,"url":"https:\/\/vrtici-maza.hr\/wp-content\/uploads\/2023\/06\/Dan-drzavnosti-u-vrticu-Maza-4.jpg","type":"image\/jpeg"}],"author":"Maza@IgnisDesign2021","twitter_card":"summary_large_image","twitter_misc":{"Written by":"Maza@IgnisDesign2021","Est. reading time":"1 minute"},"schema":{"@context":"https:\/\/schema.org","@graph":[{"@type":"WebPage","@id":"https:\/\/vrtici-maza.hr\/sretan-dan-drzavnosti\/","url":"https:\/\/vrtici-maza.hr\/sretan-dan-drzavnosti\/","name":"Sretan Dan dr\u017eavnosti! - Dje\u010dji vrti\u0107 Maza","isPartOf":{"@id":"https:\/\/vrtici-maza.hr\/en\/#website"},"primaryImageOfPage":{"@id":"https:\/\/vrtici-maza.hr\/sretan-dan-drzavnosti\/#primaryimage"},"image":{"@id":"https:\/\/vrtici-maza.hr\/sretan-dan-drzavnosti\/#primaryimage"},"thumbnailUrl":"https:\/\/vrtici-maza.hr\/wp-content\/uploads\/2023\/06\/Dan-drzavnosti-u-vrticu-Maza-4.jpg","datePublished":"2023-06-15T09:26:52+00:00","dateModified":"2023-06-15T09:45:21+00:00","author":{"@id":"https:\/\/vrtici-maza.hr\/en\/#\/schema\/person\/51247fcc7468f96f004b10b5150d7b88"},"description":"Ispred nas je produ\u017eeni vikend pa smo ovaj tjedan radili punom parom i unaprijed obilje\u017eili poseban dan na\u0161e domovine, Republike Hrvatske.","breadcrumb":{"@id":"https:\/\/vrtici-maza.hr\/sretan-dan-drzavnosti\/#breadcrumb"},"inLanguage":"en-US","potentialAction":[{"@type":"ReadAction","target":["https:\/\/vrtici-maza.hr\/sretan-dan-drzavnosti\/"]}]},{"@type":"ImageObject","inLanguage":"en-US","@id":"https:\/\/vrtici-maza.hr\/sretan-dan-drzavnosti\/#primaryimage","url":"https:\/\/vrtici-maza.hr\/wp-content\/uploads\/2023\/06\/Dan-drzavnosti-u-vrticu-Maza-4.jpg","contentUrl":"https:\/\/vrtici-maza.hr\/wp-content\/uploads\/2023\/06\/Dan-drzavnosti-u-vrticu-Maza-4.jpg","width":1600,"height":1600},{"@type":"BreadcrumbList","@id":"https:\/\/vrtici-maza.hr\/sretan-dan-drzavnosti\/#breadcrumb","itemListElement":[{"@type":"ListItem","position":1,"name":"Home","item":"https:\/\/vrtici-maza.hr\/"},{"@type":"ListItem","position":2,"name":"Sretan Dan dr\u017eavnosti!"}]},{"@type":"WebSite","@id":"https:\/\/vrtici-maza.hr\/en\/#website","url":"https:\/\/vrtici-maza.hr\/en\/","name":"Dje\u010dji vrti\u0107 Maza","description":"Vi\u0161kovo","potentialAction":[{"@type":"SearchAction","target":{"@type":"EntryPoint","urlTemplate":"https:\/\/vrtici-maza.hr\/en\/?s={search_term_string}"},"query-input":{"@type":"PropertyValueSpecification","valueRequired":true,"valueName":"search_term_string"}}],"inLanguage":"en-US"},{"@type":"Person","@id":"https:\/\/vrtici-maza.hr\/en\/#\/schema\/person\/51247fcc7468f96f004b10b5150d7b88","name":"Maza@IgnisDesign2021","image":{"@type":"ImageObject","inLanguage":"en-US","@id":"https:\/\/vrtici-maza.hr\/en\/#\/schema\/person\/image\/","url":"https:\/\/secure.gravatar.com\/avatar\/20948024d3e16290671dd68231ffdd4cb6867322df510e7ee0a6fcdb9aed7b35?s=96&d=mm&r=g","contentUrl":"https:\/\/secure.gravatar.com\/avatar\/20948024d3e16290671dd68231ffdd4cb6867322df510e7ee0a6fcdb9aed7b35?s=96&d=mm&r=g","caption":"Maza@IgnisDesign2021"},"sameAs":["http:\/\/vrtici-maza.hr"],"url":"https:\/\/vrtici-maza.hr\/en\/author\/mazaignisdesign2021\/"}]}},"_links":{"self":[{"href":"https:\/\/vrtici-maza.hr\/en\/wp-json\/wp\/v2\/posts\/2977","targetHints":{"allow":["GET"]}}],"collection":[{"href":"https:\/\/vrtici-maza.hr\/en\/wp-json\/wp\/v2\/posts"}],"about":[{"href":"https:\/\/vrtici-maza.hr\/en\/wp-json\/wp\/v2\/types\/post"}],"author":[{"embeddable":true,"href":"https:\/\/vrtici-maza.hr\/en\/wp-json\/wp\/v2\/users\/1"}],"replies":[{"embeddable":true,"href":"https:\/\/vrtici-maza.hr\/en\/wp-json\/wp\/v2\/comments?post=2977"}],"version-history":[{"count":2,"href":"https:\/\/vrtici-maza.hr\/en\/wp-json\/wp\/v2\/posts\/2977\/revisions"}],"predecessor-version":[{"id":3008,"href":"https:\/\/vrtici-maza.hr\/en\/wp-json\/wp\/v2\/posts\/2977\/revisions\/3008"}],"wp:featuredmedia":[{"embeddable":true,"href":"https:\/\/vrtici-maza.hr\/en\/wp-json\/wp\/v2\/media\/2981"}],"wp:attachment":[{"href":"https:\/\/vrtici-maza.hr\/en\/wp-json\/wp\/v2\/media?parent=2977"}],"wp:term":[{"taxonomy":"category","embeddable":true,"href":"https:\/\/vrtici-maza.hr\/en\/wp-json\/wp\/v2\/categories?post=2977"},{"taxonomy":"post_tag","embeddable":true,"href":"https:\/\/vrtici-maza.hr\/en\/wp-json\/wp\/v2\/tags?post=2977"}],"curies":[{"name":"wp","href":"https:\/\/api.w.org\/{rel}","templated":true}]}}