{"id":3233,"date":"2023-12-18T15:09:08","date_gmt":"2023-12-18T15:09:08","guid":{"rendered":"https:\/\/vrtici-maza.hr\/?p=3233"},"modified":"2023-12-18T15:09:08","modified_gmt":"2023-12-18T15:09:08","slug":"u-priprema-za-doceg-svetog-nikole","status":"publish","type":"post","link":"https:\/\/vrtici-maza.hr\/en\/u-priprema-za-doceg-svetog-nikole\/","title":{"rendered":"U priprema za do\u010deg svetog Nikole&#8230;"},"content":{"rendered":"<div class=\"wpb-content-wrapper\"><p>[vc_row][vc_column][vc_column_text]<em><strong>Sveti Niko svijetom \u0161eta, tra\u017ei djecu svoju jer za svako dobro dijete ima stvarcu koju.. \ud83c\udfb6\ud83c\udfb5<\/strong><\/em><\/p>\n<p>&nbsp;<\/p>\n<p>Svako je dijete dje\u010djeg vrti\u0107a Maza izabralo posebnu \u010dizmicu\/cipelicu, neki \u010dak i ekstra zaprljanu, te ju donijeli u vrti\u0107u kako bi ju o\u010distili, uredili, izglancali te stavili na na\u0161 prozor\u010di\u0107 u nadi da \u0107e nas sveti Nikola iznenaditi i ostaviti neku sitnicu. \ud83c\udf6d\ud83c\udf6c\ud83c\udf6b<\/p>\n<p>&nbsp;<\/p>\n<p>Kako bismo mu dolazak u\u010dinili jo\u0161 lijep\u0161im\u00a0krenuli smo s bo\u017ei\u0107nim ure\u0111enjem prostora, ali prije toga smo upoznali djecu s <strong>pojmom adventa, zna\u010denjem 4 adventske svije\u0107e<\/strong> i samo malo zagrebli u bo\u017ei\u0107nu tradiciju \u0161to \u0107emo kroz naredne dane nadopunjavati.<\/p>\n<p>&nbsp;<\/p>\n<p>U ovo blagdansko doba posebnu pozornost \u0107emo posve\u0107ivati me\u0111usobnom <strong>pomaganju<\/strong>, posebno mla\u0111ima, u \u010demu smo se ve\u0107 iskazali tijekom odlaska na priredbu, ali u zadnje vrijeme i pomaganju u obla\u010denju pid\u017eamica. \u263a\ufe0f<\/p>\n<p>&nbsp;<\/p>\n<p>Izradili smo male <strong>adventske vijen\u010di\u0107e<\/strong> i ispali su &#8220;instagramski&#8221; &#8211; bilo je zapetljanaca na svakom koraku, ali se trud isplatio i ba\u0161 smo zadovoljni rezultatom. Izradili smo po jednu od adventske svije\u0107e te joj dali svoje zna\u010denje, a najavili da \u0107e u nedjelju (ju\u010der) biti prva adventska nedjelja koja ozna\u010dava \ud83d\ude4f<strong>NADU<\/strong>\ud83d\ude4f.<\/p>\n<p>&nbsp;<\/p>\n<p>U skladu s time tema razgovora bila je <strong>&#8220;\u010cemu se ti nada\u0161?&#8221;<\/strong> pa smo dobili razne zanimljive odgovore poput:<\/p>\n<ul>\n<li>nadam se da \u0107e moja sestra po\u010deti slu\u0161ati mamu i tatu<\/li>\n<li>nadam se da \u0107e me pas po\u010deti slu\u0161ati<\/li>\n<li>nadam se da \u0107e moj pas podignuti rep<\/li>\n<li>nadam se da \u0107e moja mama manje raditi<\/li>\n<li>nadam se da moj tata ne\u0107e vi\u0161e raditi za vikend&#8230;<\/li>\n<\/ul>\n<p>&nbsp;<\/p>\n<p>Prekrasno! \u2764\ufe0f\u00a0Za kraj ove velike poruke \u0161aljemo slike.<\/p>\n<p>Veliki pozdrav \ud83e\udd70\ud83e\udd70\ud83d\udcab\ud83d\udcab[\/vc_column_text][\/vc_column][\/vc_row][vc_row][vc_column][vc_empty_space height=&#8221;40px&#8221;]<style type=\"text\/css\" data-type=\"the7_shortcodes-inline-css\">.gallery-shortcode.gallery-masonry-shortcode-id-4c8bf091a37b44d3f9a54811c4dea6ba figure,\n.gallery-shortcode.gallery-masonry-shortcode-id-4c8bf091a37b44d3f9a54811c4dea6ba .rollover,\n.gallery-shortcode.gallery-masonry-shortcode-id-4c8bf091a37b44d3f9a54811c4dea6ba img,\n.gallery-shortcode.gallery-masonry-shortcode-id-4c8bf091a37b44d3f9a54811c4dea6ba .gallery-rollover {\n  border-radius: 0px;\n}\n.gallery-shortcode.gallery-masonry-shortcode-id-4c8bf091a37b44d3f9a54811c4dea6ba.enable-bg-rollover .gallery-rollover {\n  background: -webkit-linear-gradient();\n  background: linear-gradient();\n}\n.gallery-shortcode.gallery-masonry-shortcode-id-4c8bf091a37b44d3f9a54811c4dea6ba.enable-bg-rollover.hover-scale figure .rollover:after {\n  background: -webkit-linear-gradient();\n  background: linear-gradient();\n}\n.gallery-shortcode.gallery-masonry-shortcode-id-4c8bf091a37b44d3f9a54811c4dea6ba .gallery-zoom-ico {\n  width: 44px;\n  height: 44px;\n  line-height: 44px;\n  border-radius: 100px;\n  margin: -22px 0 0 -22px;\n  border-width: 0px;\n  color: #ffffff;\n}\n.dt-icon-bg-on.gallery-shortcode.gallery-masonry-shortcode-id-4c8bf091a37b44d3f9a54811c4dea6ba .gallery-zoom-ico {\n  background: rgba(255,255,255,0.3);\n  box-shadow: none;\n}\n.gallery-shortcode.gallery-masonry-shortcode-id-4c8bf091a37b44d3f9a54811c4dea6ba .gallery-zoom-ico:before,\n.gallery-shortcode.gallery-masonry-shortcode-id-4c8bf091a37b44d3f9a54811c4dea6ba .gallery-zoom-ico span {\n  font-size: 32px;\n  line-height: 44px;\n  color: #ffffff;\n}\n.gallery-shortcode.gallery-masonry-shortcode-id-4c8bf091a37b44d3f9a54811c4dea6ba:not(.resize-by-browser-width) .dt-css-grid {\n  grid-row-gap: 6px;\n  grid-column-gap: 6px;\n  grid-template-columns: repeat(auto-fill,minmax(,1fr));\n}\n.gallery-shortcode.gallery-masonry-shortcode-id-4c8bf091a37b44d3f9a54811c4dea6ba:not(.resize-by-browser-width) .dt-css-grid .double-width {\n  grid-column: span 2;\n}\n.cssgridlegacy.no-cssgrid .gallery-shortcode.gallery-masonry-shortcode-id-4c8bf091a37b44d3f9a54811c4dea6ba:not(.resize-by-browser-width) .dt-css-grid,\n.no-cssgridlegacy.no-cssgrid .gallery-shortcode.gallery-masonry-shortcode-id-4c8bf091a37b44d3f9a54811c4dea6ba:not(.resize-by-browser-width) .dt-css-grid {\n  display: flex;\n  flex-flow: row wrap;\n  margin: -3px;\n}\n.cssgridlegacy.no-cssgrid .gallery-shortcode.gallery-masonry-shortcode-id-4c8bf091a37b44d3f9a54811c4dea6ba:not(.resize-by-browser-width) .dt-css-grid .wf-cell,\n.no-cssgridlegacy.no-cssgrid .gallery-shortcode.gallery-masonry-shortcode-id-4c8bf091a37b44d3f9a54811c4dea6ba:not(.resize-by-browser-width) .dt-css-grid .wf-cell {\n  flex: 1 0 ;\n  max-width: 100%;\n  padding: 3px;\n  box-sizing: border-box;\n}\n.gallery-shortcode.gallery-masonry-shortcode-id-4c8bf091a37b44d3f9a54811c4dea6ba.resize-by-browser-width .dt-css-grid {\n  grid-template-columns: repeat(4,1fr);\n  grid-template-rows: auto;\n  grid-column-gap: 6px;\n  grid-row-gap: 6px;\n}\n.gallery-shortcode.gallery-masonry-shortcode-id-4c8bf091a37b44d3f9a54811c4dea6ba.resize-by-browser-width .dt-css-grid .double-width {\n  grid-column: span 2;\n}\n.cssgridlegacy.no-cssgrid .gallery-shortcode.gallery-masonry-shortcode-id-4c8bf091a37b44d3f9a54811c4dea6ba.resize-by-browser-width .dt-css-grid {\n  margin: -3px;\n}\n.cssgridlegacy.no-cssgrid .gallery-shortcode.gallery-masonry-shortcode-id-4c8bf091a37b44d3f9a54811c4dea6ba.resize-by-browser-width .dt-css-grid .wf-cell {\n  width: 25%;\n  padding: 3px;\n}\n.cssgridlegacy.no-cssgrid .gallery-shortcode.gallery-masonry-shortcode-id-4c8bf091a37b44d3f9a54811c4dea6ba.resize-by-browser-width .dt-css-grid .wf-cell.double-width {\n  width: calc(25%) * 2;\n}\n.gallery-shortcode.gallery-masonry-shortcode-id-4c8bf091a37b44d3f9a54811c4dea6ba.resize-by-browser-width:not(.centered-layout-list):not(.content-bg-on) .dt-css-grid {\n  grid-row-gap: 6px - ;\n}\n@media screen and (max-width: 1199px) {\n  .gallery-shortcode.gallery-masonry-shortcode-id-4c8bf091a37b44d3f9a54811c4dea6ba.resize-by-browser-width .dt-css-grid {\n    grid-template-columns: repeat(4,1fr);\n  }\n  .cssgridlegacy.no-cssgrid .gallery-shortcode.gallery-masonry-shortcode-id-4c8bf091a37b44d3f9a54811c4dea6ba.resize-by-browser-width .dt-css-grid .wf-cell,\n  .no-cssgridlegacy.no-cssgrid .gallery-shortcode.gallery-masonry-shortcode-id-4c8bf091a37b44d3f9a54811c4dea6ba.resize-by-browser-width .dt-css-grid .wf-cell {\n    width: 25%;\n  }\n  .cssgridlegacy.no-cssgrid .gallery-shortcode.gallery-masonry-shortcode-id-4c8bf091a37b44d3f9a54811c4dea6ba.resize-by-browser-width .dt-css-grid .wf-cell.double-width,\n  .no-cssgridlegacy.no-cssgrid .gallery-shortcode.gallery-masonry-shortcode-id-4c8bf091a37b44d3f9a54811c4dea6ba.resize-by-browser-width .dt-css-grid .wf-cell.double-width {\n    width: calc(25%)*2;\n  }\n}\n@media screen and (max-width: 991px) {\n  .gallery-shortcode.gallery-masonry-shortcode-id-4c8bf091a37b44d3f9a54811c4dea6ba.resize-by-browser-width .dt-css-grid {\n    grid-template-columns: repeat(3,1fr);\n  }\n  .cssgridlegacy.no-cssgrid .gallery-shortcode.gallery-masonry-shortcode-id-4c8bf091a37b44d3f9a54811c4dea6ba.resize-by-browser-width .dt-css-grid .wf-cell,\n  .no-cssgridlegacy.no-cssgrid .gallery-shortcode.gallery-masonry-shortcode-id-4c8bf091a37b44d3f9a54811c4dea6ba.resize-by-browser-width .dt-css-grid .wf-cell {\n    width: 33.333333333333%;\n  }\n  .cssgridlegacy.no-cssgrid .gallery-shortcode.gallery-masonry-shortcode-id-4c8bf091a37b44d3f9a54811c4dea6ba.resize-by-browser-width .dt-css-grid .wf-cell.double-width,\n  .no-cssgridlegacy.no-cssgrid .gallery-shortcode.gallery-masonry-shortcode-id-4c8bf091a37b44d3f9a54811c4dea6ba.resize-by-browser-width .dt-css-grid .wf-cell.double-width {\n    width: calc(33.333333333333%)*2;\n  }\n}\n@media screen and (max-width: 767px) {\n  .gallery-shortcode.gallery-masonry-shortcode-id-4c8bf091a37b44d3f9a54811c4dea6ba.resize-by-browser-width .dt-css-grid {\n    grid-template-columns: repeat(2,1fr);\n  }\n  .cssgridlegacy.no-cssgrid .gallery-shortcode.gallery-masonry-shortcode-id-4c8bf091a37b44d3f9a54811c4dea6ba.resize-by-browser-width .dt-css-grid .wf-cell,\n  .no-cssgridlegacy.no-cssgrid .gallery-shortcode.gallery-masonry-shortcode-id-4c8bf091a37b44d3f9a54811c4dea6ba.resize-by-browser-width .dt-css-grid .wf-cell {\n    width: 50%;\n  }\n  .cssgridlegacy.no-cssgrid .gallery-shortcode.gallery-masonry-shortcode-id-4c8bf091a37b44d3f9a54811c4dea6ba.resize-by-browser-width .dt-css-grid .wf-cell.double-width,\n  .no-cssgridlegacy.no-cssgrid .gallery-shortcode.gallery-masonry-shortcode-id-4c8bf091a37b44d3f9a54811c4dea6ba.resize-by-browser-width .dt-css-grid .wf-cell.double-width {\n    width: calc(50%)*2;\n  }\n}\n<\/style><div class=\"gallery-shortcode dt-gallery-container gallery-masonry-shortcode-id-4c8bf091a37b44d3f9a54811c4dea6ba mode-masonry jquery-filter dt-icon-bg-off quick-scale-img enable-bg-rollover resize-by-browser-width  hover-fade loading-effect-none description-on-hover\" data-padding=\"3px\" data-cur-page=\"1\" data-post-limit=\"-1\" data-pagination-mode=\"none\" data-desktop-columns-num=\"4\" data-v-tablet-columns-num=\"3\" data-h-tablet-columns-num=\"4\" data-phone-columns-num=\"2\" data-width=\"0px\" data-columns=\"0\"><div class=\"iso-container\" ><div class=\"wf-cell iso-item\" data-post-id=\"3234\" data-date=\"2023-12-18T15:06:07+00:00\" data-name=\"sveti-nikola-u-Mazi-1\"><figure class=\"post visible\"><a href=\"https:\/\/vrtici-maza.hr\/wp-content\/uploads\/2023\/12\/sveti-nikola-u-Mazi-1.jpg\" class=\"rollover dt-pswp-item layzr-bg\" data-large_image_width=\"899\" data-large_image_height=\"1600\" data-dt-img-description=\"\" title=\"sveti-nikola-u-Mazi-1\"><img fetchpriority=\"high\" decoding=\"async\" class=\"preload-me iso-lazy-load aspect\" src=\"data:image\/svg+xml,%3Csvg%20xmlns%3D&#39;http%3A%2F%2Fwww.w3.org%2F2000%2Fsvg&#39;%20viewBox%3D&#39;0%200%20381%20678&#39;%2F%3E\" data-src=\"https:\/\/vrtici-maza.hr\/wp-content\/uploads\/2023\/12\/sveti-nikola-u-Mazi-1-381x678.jpg\" data-srcset=\"https:\/\/vrtici-maza.hr\/wp-content\/uploads\/2023\/12\/sveti-nikola-u-Mazi-1-381x678.jpg 381w, https:\/\/vrtici-maza.hr\/wp-content\/uploads\/2023\/12\/sveti-nikola-u-Mazi-1-572x1017.jpg 572w\" loading=\"eager\" style=\"--ratio: 381 \/ 678\" sizes=\"(max-width: 381px) 100vw, 381px\" alt=\"\" width=\"381\" height=\"678\"  \/><span class=\"gallery-rollover\"><span class=\"gallery-zoom-ico icomoon-the7-font-the7-zoom-06\"><span><\/span><\/span><\/span><\/a><\/figure><\/div><div class=\"wf-cell iso-item\" data-post-id=\"3235\" data-date=\"2023-12-18T15:06:10+00:00\" data-name=\"sveti-nikola-u-Mazi-2\"><figure class=\"post visible\"><a href=\"https:\/\/vrtici-maza.hr\/wp-content\/uploads\/2023\/12\/sveti-nikola-u-Mazi-2.jpg\" class=\"rollover dt-pswp-item layzr-bg\" data-large_image_width=\"1600\" data-large_image_height=\"1600\" data-dt-img-description=\"\" title=\"sveti-nikola-u-Mazi-2\"><img decoding=\"async\" class=\"preload-me iso-lazy-load aspect\" src=\"data:image\/svg+xml,%3Csvg%20xmlns%3D&#39;http%3A%2F%2Fwww.w3.org%2F2000%2Fsvg&#39;%20viewBox%3D&#39;0%200%20381%20381&#39;%2F%3E\" data-src=\"https:\/\/vrtici-maza.hr\/wp-content\/uploads\/2023\/12\/sveti-nikola-u-Mazi-2-381x381.jpg\" data-srcset=\"https:\/\/vrtici-maza.hr\/wp-content\/uploads\/2023\/12\/sveti-nikola-u-Mazi-2-381x381.jpg 381w, https:\/\/vrtici-maza.hr\/wp-content\/uploads\/2023\/12\/sveti-nikola-u-Mazi-2-572x572.jpg 572w\" loading=\"eager\" style=\"--ratio: 381 \/ 381\" sizes=\"(max-width: 381px) 100vw, 381px\" alt=\"Dje\u010dji vrti\u0107 Maza Vi\u0161kovo\" width=\"381\" height=\"381\"  \/><span class=\"gallery-rollover\"><span class=\"gallery-zoom-ico icomoon-the7-font-the7-zoom-06\"><span><\/span><\/span><\/span><\/a><\/figure><\/div><div class=\"wf-cell iso-item\" data-post-id=\"3236\" data-date=\"2023-12-18T15:06:15+00:00\" data-name=\"sveti-nikola-u-Mazi-3\"><figure class=\"post visible\"><a href=\"https:\/\/vrtici-maza.hr\/wp-content\/uploads\/2023\/12\/sveti-nikola-u-Mazi-3.jpg\" class=\"rollover dt-pswp-item layzr-bg\" data-large_image_width=\"1600\" data-large_image_height=\"1600\" data-dt-img-description=\"\" title=\"sveti-nikola-u-Mazi-3\"><img decoding=\"async\" class=\"preload-me iso-lazy-load aspect\" src=\"data:image\/svg+xml,%3Csvg%20xmlns%3D&#39;http%3A%2F%2Fwww.w3.org%2F2000%2Fsvg&#39;%20viewBox%3D&#39;0%200%20381%20381&#39;%2F%3E\" data-src=\"https:\/\/vrtici-maza.hr\/wp-content\/uploads\/2023\/12\/sveti-nikola-u-Mazi-3-381x381.jpg\" data-srcset=\"https:\/\/vrtici-maza.hr\/wp-content\/uploads\/2023\/12\/sveti-nikola-u-Mazi-3-381x381.jpg 381w, https:\/\/vrtici-maza.hr\/wp-content\/uploads\/2023\/12\/sveti-nikola-u-Mazi-3-572x572.jpg 572w\" loading=\"eager\" style=\"--ratio: 381 \/ 381\" sizes=\"(max-width: 381px) 100vw, 381px\" alt=\"Dje\u010dji vrti\u0107 Maza Vi\u0161kovo\" width=\"381\" height=\"381\"  \/><span class=\"gallery-rollover\"><span class=\"gallery-zoom-ico icomoon-the7-font-the7-zoom-06\"><span><\/span><\/span><\/span><\/a><\/figure><\/div><div class=\"wf-cell iso-item\" data-post-id=\"3237\" data-date=\"2023-12-18T15:06:18+00:00\" data-name=\"sveti-nikola-u-Mazi-4\"><figure class=\"post visible\"><a href=\"https:\/\/vrtici-maza.hr\/wp-content\/uploads\/2023\/12\/sveti-nikola-u-Mazi-4.jpg\" class=\"rollover dt-pswp-item layzr-bg\" data-large_image_width=\"1600\" data-large_image_height=\"1600\" data-dt-img-description=\"\" title=\"sveti-nikola-u-Mazi-4\"><img decoding=\"async\" class=\"preload-me iso-lazy-load aspect\" src=\"data:image\/svg+xml,%3Csvg%20xmlns%3D&#39;http%3A%2F%2Fwww.w3.org%2F2000%2Fsvg&#39;%20viewBox%3D&#39;0%200%20381%20381&#39;%2F%3E\" data-src=\"https:\/\/vrtici-maza.hr\/wp-content\/uploads\/2023\/12\/sveti-nikola-u-Mazi-4-381x381.jpg\" data-srcset=\"https:\/\/vrtici-maza.hr\/wp-content\/uploads\/2023\/12\/sveti-nikola-u-Mazi-4-381x381.jpg 381w, https:\/\/vrtici-maza.hr\/wp-content\/uploads\/2023\/12\/sveti-nikola-u-Mazi-4-572x572.jpg 572w\" loading=\"eager\" style=\"--ratio: 381 \/ 381\" sizes=\"(max-width: 381px) 100vw, 381px\" alt=\"Dje\u010dji vrti\u0107 Maza Vi\u0161kovo\" width=\"381\" height=\"381\"  \/><span class=\"gallery-rollover\"><span class=\"gallery-zoom-ico icomoon-the7-font-the7-zoom-06\"><span><\/span><\/span><\/span><\/a><\/figure><\/div><div class=\"wf-cell iso-item\" data-post-id=\"3238\" data-date=\"2023-12-18T15:06:21+00:00\" data-name=\"sveti-nikola-u-Mazi-5\"><figure class=\"post visible\"><a href=\"https:\/\/vrtici-maza.hr\/wp-content\/uploads\/2023\/12\/sveti-nikola-u-Mazi-5.jpg\" class=\"rollover dt-pswp-item layzr-bg\" data-large_image_width=\"899\" data-large_image_height=\"1600\" data-dt-img-description=\"\" title=\"sveti-nikola-u-Mazi-5\"><img decoding=\"async\" class=\"preload-me iso-lazy-load aspect\" src=\"data:image\/svg+xml,%3Csvg%20xmlns%3D&#39;http%3A%2F%2Fwww.w3.org%2F2000%2Fsvg&#39;%20viewBox%3D&#39;0%200%20381%20678&#39;%2F%3E\" data-src=\"https:\/\/vrtici-maza.hr\/wp-content\/uploads\/2023\/12\/sveti-nikola-u-Mazi-5-381x678.jpg\" data-srcset=\"https:\/\/vrtici-maza.hr\/wp-content\/uploads\/2023\/12\/sveti-nikola-u-Mazi-5-381x678.jpg 381w, https:\/\/vrtici-maza.hr\/wp-content\/uploads\/2023\/12\/sveti-nikola-u-Mazi-5-572x1017.jpg 572w\" loading=\"eager\" style=\"--ratio: 381 \/ 678\" sizes=\"(max-width: 381px) 100vw, 381px\" alt=\"Dje\u010dji vrti\u0107 Maza Vi\u0161kovo\" width=\"381\" height=\"678\"  \/><span class=\"gallery-rollover\"><span class=\"gallery-zoom-ico icomoon-the7-font-the7-zoom-06\"><span><\/span><\/span><\/span><\/a><\/figure><\/div><div class=\"wf-cell iso-item\" data-post-id=\"3239\" data-date=\"2023-12-18T15:06:24+00:00\" data-name=\"sveti-nikola-u-Mazi-6\"><figure class=\"post visible\"><a href=\"https:\/\/vrtici-maza.hr\/wp-content\/uploads\/2023\/12\/sveti-nikola-u-Mazi-6.jpg\" class=\"rollover dt-pswp-item layzr-bg\" data-large_image_width=\"1600\" data-large_image_height=\"1600\" data-dt-img-description=\"\" title=\"sveti-nikola-u-Mazi-6\"><img decoding=\"async\" class=\"preload-me iso-lazy-load aspect\" src=\"data:image\/svg+xml,%3Csvg%20xmlns%3D&#39;http%3A%2F%2Fwww.w3.org%2F2000%2Fsvg&#39;%20viewBox%3D&#39;0%200%20381%20381&#39;%2F%3E\" data-src=\"https:\/\/vrtici-maza.hr\/wp-content\/uploads\/2023\/12\/sveti-nikola-u-Mazi-6-381x381.jpg\" data-srcset=\"https:\/\/vrtici-maza.hr\/wp-content\/uploads\/2023\/12\/sveti-nikola-u-Mazi-6-381x381.jpg 381w, https:\/\/vrtici-maza.hr\/wp-content\/uploads\/2023\/12\/sveti-nikola-u-Mazi-6-572x572.jpg 572w\" loading=\"eager\" style=\"--ratio: 381 \/ 381\" sizes=\"(max-width: 381px) 100vw, 381px\" alt=\"Dje\u010dji vrti\u0107 Maza Vi\u0161kovo\" width=\"381\" height=\"381\"  \/><span class=\"gallery-rollover\"><span class=\"gallery-zoom-ico icomoon-the7-font-the7-zoom-06\"><span><\/span><\/span><\/span><\/a><\/figure><\/div><div class=\"wf-cell iso-item\" data-post-id=\"3240\" data-date=\"2023-12-18T15:06:27+00:00\" data-name=\"sveti-nikola-u-Mazi-7\"><figure class=\"post visible\"><a href=\"https:\/\/vrtici-maza.hr\/wp-content\/uploads\/2023\/12\/sveti-nikola-u-Mazi-7.jpg\" class=\"rollover dt-pswp-item layzr-bg\" data-large_image_width=\"1600\" data-large_image_height=\"1600\" data-dt-img-description=\"\" title=\"sveti-nikola-u-Mazi-7\"><img decoding=\"async\" class=\"preload-me iso-lazy-load aspect\" src=\"data:image\/svg+xml,%3Csvg%20xmlns%3D&#39;http%3A%2F%2Fwww.w3.org%2F2000%2Fsvg&#39;%20viewBox%3D&#39;0%200%20381%20381&#39;%2F%3E\" data-src=\"https:\/\/vrtici-maza.hr\/wp-content\/uploads\/2023\/12\/sveti-nikola-u-Mazi-7-381x381.jpg\" data-srcset=\"https:\/\/vrtici-maza.hr\/wp-content\/uploads\/2023\/12\/sveti-nikola-u-Mazi-7-381x381.jpg 381w, https:\/\/vrtici-maza.hr\/wp-content\/uploads\/2023\/12\/sveti-nikola-u-Mazi-7-572x572.jpg 572w\" loading=\"eager\" style=\"--ratio: 381 \/ 381\" sizes=\"(max-width: 381px) 100vw, 381px\" alt=\"Dje\u010dji vrti\u0107 Maza Vi\u0161kovo\" width=\"381\" height=\"381\"  \/><span class=\"gallery-rollover\"><span class=\"gallery-zoom-ico icomoon-the7-font-the7-zoom-06\"><span><\/span><\/span><\/span><\/a><\/figure><\/div><\/div><!-- iso-container|iso-grid --><\/div>[\/vc_column][\/vc_row]<\/p>\n<\/div>","protected":false},"excerpt":{"rendered":"<p>Svako je dijete dje\u010djeg vrti\u0107a Maza izabralo posebnu \u010dizmicu\/cipelicu, neki \u010dak i ekstra zaprljanu, te ju donijeli u vrti\u0107u kako bi ju o\u010distili, uredili, izglancali te stavili na na\u0161 prozor\u010di\u0107 u nadi da \u0107e nas sveti Nikola iznenaditi i ostaviti neku sitnicu.<\/p>\n","protected":false},"author":1,"featured_media":3235,"comment_status":"closed","ping_status":"closed","sticky":false,"template":"","format":"standard","meta":{"footnotes":""},"categories":[12],"tags":[],"class_list":["post-3233","post","type-post","status-publish","format-standard","has-post-thumbnail","hentry","category-blog","category-12","description-off"],"yoast_head":"<!-- This site is optimized with the Yoast SEO plugin v25.6 - https:\/\/yoast.com\/wordpress\/plugins\/seo\/ -->\n<title>U priprema za do\u010deg svetog Nikole... - Dje\u010dji vrti\u0107 Maza<\/title>\n<meta name=\"description\" content=\"Svako je dijete dje\u010djeg vrti\u0107a Maza izabralo posebnu \u010dizmicu\/cipelicu, neki \u010dak i ekstra zaprljanu, te ju donijeli u vrti\u0107u kako bi ju o\u010distili, uredili, izglancali te stavili na na\u0161 prozor\u010di\u0107 u nadi da \u0107e nas sveti Nikola iznenaditi i ostaviti neku sitnicu.\" \/>\n<meta name=\"robots\" content=\"index, follow, max-snippet:-1, max-image-preview:large, max-video-preview:-1\" \/>\n<link rel=\"canonical\" href=\"https:\/\/vrtici-maza.hr\/u-priprema-za-doceg-svetog-nikole\/\" \/>\n<meta property=\"og:locale\" content=\"en_US\" \/>\n<meta property=\"og:type\" content=\"article\" \/>\n<meta property=\"og:title\" content=\"U priprema za do\u010deg svetog Nikole... - Dje\u010dji vrti\u0107 Maza\" \/>\n<meta property=\"og:description\" content=\"Svako je dijete dje\u010djeg vrti\u0107a Maza izabralo posebnu \u010dizmicu\/cipelicu, neki \u010dak i ekstra zaprljanu, te ju donijeli u vrti\u0107u kako bi ju o\u010distili, uredili, izglancali te stavili na na\u0161 prozor\u010di\u0107 u nadi da \u0107e nas sveti Nikola iznenaditi i ostaviti neku sitnicu.\" \/>\n<meta property=\"og:url\" content=\"https:\/\/vrtici-maza.hr\/u-priprema-za-doceg-svetog-nikole\/\" \/>\n<meta property=\"og:site_name\" content=\"Dje\u010dji vrti\u0107 Maza\" \/>\n<meta property=\"article:published_time\" content=\"2023-12-18T15:09:08+00:00\" \/>\n<meta property=\"og:image\" content=\"https:\/\/vrtici-maza.hr\/wp-content\/uploads\/2023\/12\/sveti-nikola-u-Mazi-2.jpg\" \/>\n\t<meta property=\"og:image:width\" content=\"1600\" \/>\n\t<meta property=\"og:image:height\" content=\"1600\" \/>\n\t<meta property=\"og:image:type\" content=\"image\/jpeg\" \/>\n<meta name=\"author\" content=\"Maza@IgnisDesign2021\" \/>\n<meta name=\"twitter:card\" content=\"summary_large_image\" \/>\n<meta name=\"twitter:label1\" content=\"Written by\" \/>\n\t<meta name=\"twitter:data1\" content=\"Maza@IgnisDesign2021\" \/>\n\t<meta name=\"twitter:label2\" content=\"Est. reading time\" \/>\n\t<meta name=\"twitter:data2\" content=\"2 minutes\" \/>\n<script type=\"application\/ld+json\" class=\"yoast-schema-graph\">{\"@context\":\"https:\/\/schema.org\",\"@graph\":[{\"@type\":\"WebPage\",\"@id\":\"https:\/\/vrtici-maza.hr\/u-priprema-za-doceg-svetog-nikole\/\",\"url\":\"https:\/\/vrtici-maza.hr\/u-priprema-za-doceg-svetog-nikole\/\",\"name\":\"U priprema za do\u010deg svetog Nikole... - Dje\u010dji vrti\u0107 Maza\",\"isPartOf\":{\"@id\":\"https:\/\/vrtici-maza.hr\/en\/#website\"},\"primaryImageOfPage\":{\"@id\":\"https:\/\/vrtici-maza.hr\/u-priprema-za-doceg-svetog-nikole\/#primaryimage\"},\"image\":{\"@id\":\"https:\/\/vrtici-maza.hr\/u-priprema-za-doceg-svetog-nikole\/#primaryimage\"},\"thumbnailUrl\":\"https:\/\/vrtici-maza.hr\/wp-content\/uploads\/2023\/12\/sveti-nikola-u-Mazi-2.jpg\",\"datePublished\":\"2023-12-18T15:09:08+00:00\",\"author\":{\"@id\":\"https:\/\/vrtici-maza.hr\/en\/#\/schema\/person\/51247fcc7468f96f004b10b5150d7b88\"},\"description\":\"Svako je dijete dje\u010djeg vrti\u0107a Maza izabralo posebnu \u010dizmicu\/cipelicu, neki \u010dak i ekstra zaprljanu, te ju donijeli u vrti\u0107u kako bi ju o\u010distili, uredili, izglancali te stavili na na\u0161 prozor\u010di\u0107 u nadi da \u0107e nas sveti Nikola iznenaditi i ostaviti neku sitnicu.\",\"breadcrumb\":{\"@id\":\"https:\/\/vrtici-maza.hr\/u-priprema-za-doceg-svetog-nikole\/#breadcrumb\"},\"inLanguage\":\"en-US\",\"potentialAction\":[{\"@type\":\"ReadAction\",\"target\":[\"https:\/\/vrtici-maza.hr\/u-priprema-za-doceg-svetog-nikole\/\"]}]},{\"@type\":\"ImageObject\",\"inLanguage\":\"en-US\",\"@id\":\"https:\/\/vrtici-maza.hr\/u-priprema-za-doceg-svetog-nikole\/#primaryimage\",\"url\":\"https:\/\/vrtici-maza.hr\/wp-content\/uploads\/2023\/12\/sveti-nikola-u-Mazi-2.jpg\",\"contentUrl\":\"https:\/\/vrtici-maza.hr\/wp-content\/uploads\/2023\/12\/sveti-nikola-u-Mazi-2.jpg\",\"width\":1600,\"height\":1600,\"caption\":\"Dje\u010dji vrti\u0107 Maza Vi\u0161kovo\"},{\"@type\":\"BreadcrumbList\",\"@id\":\"https:\/\/vrtici-maza.hr\/u-priprema-za-doceg-svetog-nikole\/#breadcrumb\",\"itemListElement\":[{\"@type\":\"ListItem\",\"position\":1,\"name\":\"Home\",\"item\":\"https:\/\/vrtici-maza.hr\/\"},{\"@type\":\"ListItem\",\"position\":2,\"name\":\"U priprema za do\u010deg svetog Nikole&#8230;\"}]},{\"@type\":\"WebSite\",\"@id\":\"https:\/\/vrtici-maza.hr\/en\/#website\",\"url\":\"https:\/\/vrtici-maza.hr\/en\/\",\"name\":\"Dje\u010dji vrti\u0107 Maza\",\"description\":\"Vi\u0161kovo\",\"potentialAction\":[{\"@type\":\"SearchAction\",\"target\":{\"@type\":\"EntryPoint\",\"urlTemplate\":\"https:\/\/vrtici-maza.hr\/en\/?s={search_term_string}\"},\"query-input\":{\"@type\":\"PropertyValueSpecification\",\"valueRequired\":true,\"valueName\":\"search_term_string\"}}],\"inLanguage\":\"en-US\"},{\"@type\":\"Person\",\"@id\":\"https:\/\/vrtici-maza.hr\/en\/#\/schema\/person\/51247fcc7468f96f004b10b5150d7b88\",\"name\":\"Maza@IgnisDesign2021\",\"image\":{\"@type\":\"ImageObject\",\"inLanguage\":\"en-US\",\"@id\":\"https:\/\/vrtici-maza.hr\/en\/#\/schema\/person\/image\/\",\"url\":\"https:\/\/secure.gravatar.com\/avatar\/20948024d3e16290671dd68231ffdd4cb6867322df510e7ee0a6fcdb9aed7b35?s=96&d=mm&r=g\",\"contentUrl\":\"https:\/\/secure.gravatar.com\/avatar\/20948024d3e16290671dd68231ffdd4cb6867322df510e7ee0a6fcdb9aed7b35?s=96&d=mm&r=g\",\"caption\":\"Maza@IgnisDesign2021\"},\"sameAs\":[\"http:\/\/vrtici-maza.hr\"],\"url\":\"https:\/\/vrtici-maza.hr\/en\/author\/mazaignisdesign2021\/\"}]}<\/script>\n<!-- \/ Yoast SEO plugin. -->","yoast_head_json":{"title":"U priprema za do\u010deg svetog Nikole... - Dje\u010dji vrti\u0107 Maza","description":"Svako je dijete dje\u010djeg vrti\u0107a Maza izabralo posebnu \u010dizmicu\/cipelicu, neki \u010dak i ekstra zaprljanu, te ju donijeli u vrti\u0107u kako bi ju o\u010distili, uredili, izglancali te stavili na na\u0161 prozor\u010di\u0107 u nadi da \u0107e nas sveti Nikola iznenaditi i ostaviti neku sitnicu.","robots":{"index":"index","follow":"follow","max-snippet":"max-snippet:-1","max-image-preview":"max-image-preview:large","max-video-preview":"max-video-preview:-1"},"canonical":"https:\/\/vrtici-maza.hr\/u-priprema-za-doceg-svetog-nikole\/","og_locale":"en_US","og_type":"article","og_title":"U priprema za do\u010deg svetog Nikole... - Dje\u010dji vrti\u0107 Maza","og_description":"Svako je dijete dje\u010djeg vrti\u0107a Maza izabralo posebnu \u010dizmicu\/cipelicu, neki \u010dak i ekstra zaprljanu, te ju donijeli u vrti\u0107u kako bi ju o\u010distili, uredili, izglancali te stavili na na\u0161 prozor\u010di\u0107 u nadi da \u0107e nas sveti Nikola iznenaditi i ostaviti neku sitnicu.","og_url":"https:\/\/vrtici-maza.hr\/u-priprema-za-doceg-svetog-nikole\/","og_site_name":"Dje\u010dji vrti\u0107 Maza","article_published_time":"2023-12-18T15:09:08+00:00","og_image":[{"width":1600,"height":1600,"url":"https:\/\/vrtici-maza.hr\/wp-content\/uploads\/2023\/12\/sveti-nikola-u-Mazi-2.jpg","type":"image\/jpeg"}],"author":"Maza@IgnisDesign2021","twitter_card":"summary_large_image","twitter_misc":{"Written by":"Maza@IgnisDesign2021","Est. reading time":"2 minutes"},"schema":{"@context":"https:\/\/schema.org","@graph":[{"@type":"WebPage","@id":"https:\/\/vrtici-maza.hr\/u-priprema-za-doceg-svetog-nikole\/","url":"https:\/\/vrtici-maza.hr\/u-priprema-za-doceg-svetog-nikole\/","name":"U priprema za do\u010deg svetog Nikole... - Dje\u010dji vrti\u0107 Maza","isPartOf":{"@id":"https:\/\/vrtici-maza.hr\/en\/#website"},"primaryImageOfPage":{"@id":"https:\/\/vrtici-maza.hr\/u-priprema-za-doceg-svetog-nikole\/#primaryimage"},"image":{"@id":"https:\/\/vrtici-maza.hr\/u-priprema-za-doceg-svetog-nikole\/#primaryimage"},"thumbnailUrl":"https:\/\/vrtici-maza.hr\/wp-content\/uploads\/2023\/12\/sveti-nikola-u-Mazi-2.jpg","datePublished":"2023-12-18T15:09:08+00:00","author":{"@id":"https:\/\/vrtici-maza.hr\/en\/#\/schema\/person\/51247fcc7468f96f004b10b5150d7b88"},"description":"Svako je dijete dje\u010djeg vrti\u0107a Maza izabralo posebnu \u010dizmicu\/cipelicu, neki \u010dak i ekstra zaprljanu, te ju donijeli u vrti\u0107u kako bi ju o\u010distili, uredili, izglancali te stavili na na\u0161 prozor\u010di\u0107 u nadi da \u0107e nas sveti Nikola iznenaditi i ostaviti neku sitnicu.","breadcrumb":{"@id":"https:\/\/vrtici-maza.hr\/u-priprema-za-doceg-svetog-nikole\/#breadcrumb"},"inLanguage":"en-US","potentialAction":[{"@type":"ReadAction","target":["https:\/\/vrtici-maza.hr\/u-priprema-za-doceg-svetog-nikole\/"]}]},{"@type":"ImageObject","inLanguage":"en-US","@id":"https:\/\/vrtici-maza.hr\/u-priprema-za-doceg-svetog-nikole\/#primaryimage","url":"https:\/\/vrtici-maza.hr\/wp-content\/uploads\/2023\/12\/sveti-nikola-u-Mazi-2.jpg","contentUrl":"https:\/\/vrtici-maza.hr\/wp-content\/uploads\/2023\/12\/sveti-nikola-u-Mazi-2.jpg","width":1600,"height":1600,"caption":"Dje\u010dji vrti\u0107 Maza Vi\u0161kovo"},{"@type":"BreadcrumbList","@id":"https:\/\/vrtici-maza.hr\/u-priprema-za-doceg-svetog-nikole\/#breadcrumb","itemListElement":[{"@type":"ListItem","position":1,"name":"Home","item":"https:\/\/vrtici-maza.hr\/"},{"@type":"ListItem","position":2,"name":"U priprema za do\u010deg svetog Nikole&#8230;"}]},{"@type":"WebSite","@id":"https:\/\/vrtici-maza.hr\/en\/#website","url":"https:\/\/vrtici-maza.hr\/en\/","name":"Dje\u010dji vrti\u0107 Maza","description":"Vi\u0161kovo","potentialAction":[{"@type":"SearchAction","target":{"@type":"EntryPoint","urlTemplate":"https:\/\/vrtici-maza.hr\/en\/?s={search_term_string}"},"query-input":{"@type":"PropertyValueSpecification","valueRequired":true,"valueName":"search_term_string"}}],"inLanguage":"en-US"},{"@type":"Person","@id":"https:\/\/vrtici-maza.hr\/en\/#\/schema\/person\/51247fcc7468f96f004b10b5150d7b88","name":"Maza@IgnisDesign2021","image":{"@type":"ImageObject","inLanguage":"en-US","@id":"https:\/\/vrtici-maza.hr\/en\/#\/schema\/person\/image\/","url":"https:\/\/secure.gravatar.com\/avatar\/20948024d3e16290671dd68231ffdd4cb6867322df510e7ee0a6fcdb9aed7b35?s=96&d=mm&r=g","contentUrl":"https:\/\/secure.gravatar.com\/avatar\/20948024d3e16290671dd68231ffdd4cb6867322df510e7ee0a6fcdb9aed7b35?s=96&d=mm&r=g","caption":"Maza@IgnisDesign2021"},"sameAs":["http:\/\/vrtici-maza.hr"],"url":"https:\/\/vrtici-maza.hr\/en\/author\/mazaignisdesign2021\/"}]}},"_links":{"self":[{"href":"https:\/\/vrtici-maza.hr\/en\/wp-json\/wp\/v2\/posts\/3233","targetHints":{"allow":["GET"]}}],"collection":[{"href":"https:\/\/vrtici-maza.hr\/en\/wp-json\/wp\/v2\/posts"}],"about":[{"href":"https:\/\/vrtici-maza.hr\/en\/wp-json\/wp\/v2\/types\/post"}],"author":[{"embeddable":true,"href":"https:\/\/vrtici-maza.hr\/en\/wp-json\/wp\/v2\/users\/1"}],"replies":[{"embeddable":true,"href":"https:\/\/vrtici-maza.hr\/en\/wp-json\/wp\/v2\/comments?post=3233"}],"version-history":[{"count":1,"href":"https:\/\/vrtici-maza.hr\/en\/wp-json\/wp\/v2\/posts\/3233\/revisions"}],"predecessor-version":[{"id":3241,"href":"https:\/\/vrtici-maza.hr\/en\/wp-json\/wp\/v2\/posts\/3233\/revisions\/3241"}],"wp:featuredmedia":[{"embeddable":true,"href":"https:\/\/vrtici-maza.hr\/en\/wp-json\/wp\/v2\/media\/3235"}],"wp:attachment":[{"href":"https:\/\/vrtici-maza.hr\/en\/wp-json\/wp\/v2\/media?parent=3233"}],"wp:term":[{"taxonomy":"category","embeddable":true,"href":"https:\/\/vrtici-maza.hr\/en\/wp-json\/wp\/v2\/categories?post=3233"},{"taxonomy":"post_tag","embeddable":true,"href":"https:\/\/vrtici-maza.hr\/en\/wp-json\/wp\/v2\/tags?post=3233"}],"curies":[{"name":"wp","href":"https:\/\/api.w.org\/{rel}","templated":true}]}}